{"id":6572,"date":"2023-05-15T17:33:03","date_gmt":"2023-05-15T17:33:03","guid":{"rendered":"https:\/\/diagonal.social\/?p=6572"},"modified":"2024-09-03T22:11:11","modified_gmt":"2024-09-03T22:11:11","slug":"chuvas-em-sao-sebastiao-urbanismo-e-populacoes-que-vivem-em-risco-na-crise-climatica","status":"publish","type":"post","link":"https:\/\/diagonal.social\/es\/chuvas-em-sao-sebastiao-urbanismo-e-populacoes-que-vivem-em-risco-na-crise-climatica\/","title":{"rendered":"Impactos de las lluvias en Brasil: c\u00f3mo afecta la crisis clim\u00e1tica a las poblaciones de las zonas de riesgo"},"content":{"rendered":"<p>En febrero de 2023, el municipio de S\u00e3o Sebasti\u00e3o, en el litoral norte de S\u00e3o Paulo, vivi\u00f3 una tragedia como consecuencia de las fuertes lluvias que alcanzaron los 640 mm en 24 horas y provocaron corrimientos de tierra y mucho sufrimiento. Adem\u00e1s de la lluvia, el factor agravante fue que muchas familias se encontraban en zonas de riesgo y sin recursos de mitigaci\u00f3n y adaptaci\u00f3n a la crisis clim\u00e1tica, fundamentales para salvar vidas. El triste resultado de la tragedia fue la muerte evitable de 64 personas, decenas de heridos y muchas familias sin hogar.<\/p>\n\n\n\n<p>Vale la pena recordar que las fuertes lluvias, el deshielo de los glaciares, las islas de calor y otros eventos son efectos de la crisis clim\u00e1tica, consecuencia de una econom\u00eda basada en la emisi\u00f3n de gases de efecto invernadero. La velocidad con la que estos eventos est\u00e1n ocurriendo en el pa\u00eds es cada vez mayor y una gran parte de nuestra poblaci\u00f3n est\u00e1 en riesgo, especialmente los que viven en territorios m\u00e1s vulnerables<\/p>\n\n\n\n<p>Desde la perspectiva de la gesti\u00f3n territorial integrada, urge revisar el enfoque de los proyectos de urbanizaci\u00f3n y los planes gubernamentales para incluir medidas de mitigaci\u00f3n de crisis y adaptaci\u00f3n. Por tanto, es esencial tener en cuenta una visi\u00f3n hol\u00edstica de las demandas urgentes de cada territorio, con integraci\u00f3n entre la cartograf\u00eda de riesgos, el mantenimiento, las obras estructurales y las intervenciones de reasentamiento -cuando sea necesario.<\/p>\n\n\n\n<p>En este art\u00edculo, conocer\u00e1 diferentes enfoques de los problemas sociales y medioambientales que afectan a S\u00e3o Sebasti\u00e3o y a muchos otros municipios, as\u00ed como algunas de las propuestas de los expertos para la gesti\u00f3n del riesgo clim\u00e1tico, la mitigaci\u00f3n de los desastres naturales en Brasil y la direcci\u00f3n del urbanismo sostenible.<\/p>\n\n\n\n<p><\/p>\n\n\n\n<h2 class=\"wp-block-heading\"><strong>\u00bfQu\u00e9 dicen los habitantes de las zonas de riesgo?<\/strong><\/h2>\n\n\n\n<p>Leandro da Silva vive en Vila Sahy, en la costa sur de S\u00e3o Sebasti\u00e3o, una de las zonas m\u00e1s afectadas por las lluvias. Para \u00e9l, esta tragedia criminal no empez\u00f3 el 19 de febrero, se remonta mucho m\u00e1s atr\u00e1s y es el resultado de la especulaci\u00f3n inmobiliaria, un factor que empuja a la gente a ocupar zonas de riesgo. En la regi\u00f3n, los cai\u00e7aras que trabajan en la pesca y muchos nordestinos que emigraron para ayudar a construir la ciudad se han quedado atr\u00e1s y han sido empujados a comunidades en zonas de riesgo.&nbsp;<\/p>\n\n\n\n<p>Leandro dijo que no estaba en la zona el d\u00eda de la tragedia, pero comparti\u00f3 la experiencia de entrar en la comunidad despu\u00e9s de la tragedia y ver todo devastado. Inform\u00f3 de que la propia comunidad se encarg\u00f3 de rescatar con vida a 90% de las personas que fueron sacadas del lodo, ya que los bomberos se desplazaron desde muy lejos. Ver casas, sue\u00f1os, vecinos, seres queridos y familiares arrasados por la lluvia es una experiencia traum\u00e1tica que aumenta los riesgos para la salud emocional durante toda la vida.<\/p>\n\n\n\n<h2 class=\"wp-block-heading\"><br><strong>\u00bfQu\u00e9 dicen los expertos sobre la gesti\u00f3n del riesgo clim\u00e1tico y la mitigaci\u00f3n de las cat\u00e1strofes naturales?<\/strong><\/h2>\n\n\n\n<p>Luciana Travassos, urbanista con m\u00e1ster y doctorado en Ciencias Ambientales por la UFABC, analiza el desastre ambiental de la ciudad de S\u00e3o Sebasti\u00e3o y la construcci\u00f3n social del riesgo y la justicia ambiental. Destaca la importancia de los datos censales para comprender las m\u00faltiples dimensiones del desastre y el proceso de producci\u00f3n espacial que condujo a esta tragedia. Critica el inmovilismo del propio Ayuntamiento de S\u00e3o Sebasti\u00e3o, que no actualiza su plan director desde 1999. En su exposici\u00f3n, present\u00f3 una serie de datos para explicar c\u00f3mo la vulnerabilidad de las personas que viv\u00edan en la zona condujo a la producci\u00f3n del riesgo. Adem\u00e1s, destac\u00f3 la importancia de las respuestas de la ciudad a estos contextos de vulnerabilidad y c\u00f3mo pueden producir nuevos riesgos. Seg\u00fan Luciana, la cat\u00e1strofe de S\u00e3o Sebasti\u00e3o es un caso cl\u00e1sico de justicia medioambiental, porque no se tuvieron en cuenta los aspectos distributivos de las cargas y las cargas del proceso de producci\u00f3n del espacio.<\/p>\n\n\n\n<p>Algunos de los datos e informaciones presentados fueron:<\/p>\n\n\n\n<ul class=\"wp-block-list\">\n<li>La mayor\u00eda de las viviendas de la regi\u00f3n son de uso ocasional, por lo que las infraestructuras son insuficientes.<\/li>\n\n\n\n<li>La regi\u00f3n tiene una poblaci\u00f3n econ\u00f3micamente activa insuficiente para cubrir sus necesidades.<\/li>\n\n\n\n<li>Hay un alto \u00edndice de dependencia y una importante presencia de personas de raza negra y de mujeres responsables de sus familias.<\/li>\n\n\n\n<li>La presencia de una gran proporci\u00f3n de ni\u00f1os hace que la poblaci\u00f3n sea m\u00e1s vulnerable.<\/li>\n\n\n\n<li>M\u00e1s del 80% de la poblaci\u00f3n trabaja o tiene ocupaciones de gran actividad corporal, como atenci\u00f3n al cliente y reparaci\u00f3n de fontaner\u00eda.<\/li>\n\n\n\n<li>La falta de pol\u00edticas p\u00fablicas dirigidas a estos segmentos vulnerables puede provocar tragedias y delitos en la regi\u00f3n.<\/li>\n<\/ul>\n\n\n\n<p>Complementando la opini\u00f3n de Luciana, Celso Santos Carvalho, ingeniero con m\u00e1ster y doctorado por la Escuela Polit\u00e9cnica de la USP, se centra en la pol\u00edtica de vivienda en Brasil, poniendo como ejemplo el caso emblem\u00e1tico de S\u00e3o Sebasti\u00e3o. Explica que la regi\u00f3n de Serra do Mar, donde se encuentra S\u00e3o Sebasti\u00e3o, es naturalmente inestable y siempre ha estado ocupada por peque\u00f1as comunidades cai\u00e7aras que viv\u00edan en lugares seguros. Sin embargo, en la d\u00e9cada de 1980, el Estado construy\u00f3 un tramo de la autopista R\u00edo-Santos en la regi\u00f3n, lo que supuso una importante inversi\u00f3n p\u00fablica, pero tambi\u00e9n inici\u00f3 un proceso de ocupaci\u00f3n desordenada de la zona, que incluy\u00f3 la construcci\u00f3n de viviendas en zonas de riesgo.<\/p>\n\n\n\n<p>Celso tambi\u00e9n se\u00f1al\u00f3 que la regi\u00f3n ya hab\u00eda sido cartografiada como de alto riesgo y, sin embargo, no se aplicaron medidas preventivas, ni las fuertes lluvias fueron suficientes para tomar una decisi\u00f3n responsable de cerrar la carretera. Para \u00e9l, este es un indicador m\u00e1s que demuestra que Brasil necesita una nueva pol\u00edtica de protecci\u00f3n civil y defensa que priorice la prevenci\u00f3n y la gesti\u00f3n de riesgos.<br><\/p>\n\n\n\n<h2 class=\"wp-block-heading\"><strong>\u00bfQu\u00e9 dicen las luchas populares sobre el riesgo en las ocupaciones urbanas?<\/strong><\/h2>\n\n\n\n<p>F\u00e1bio Chagas, del Coletivo Cai\u00e7ara y de la Federaci\u00f3n de Asociaciones Comunitarias del Estado de S\u00e3o Paulo (FACESP), es activista en las luchas populares y educador popular en las ocupaciones urbanas. La perspectiva que defiende es la de la denuncia. Subraya que la tragedia debe entenderse como un crimen, pero tambi\u00e9n desde la perspectiva de las luchas populares.&nbsp;<\/p>\n\n\n\n<p>Tambi\u00e9n critica la l\u00f3gica del capital y la especulaci\u00f3n inmobiliaria que condujo a la expulsi\u00f3n de la gente de sus tierras y a la construcci\u00f3n de condominios de lujo, lo que a su vez provoc\u00f3 fragilidad medioambiental y riesgo de tragedias. Tambi\u00e9n subraya que, adem\u00e1s de vidas y bienes materiales, la tragedia ha destruido una cultura local y ha sacudido el sentido de pertenencia y comunidad.\u00a0<br><\/p>\n\n\n\n<h2 class=\"wp-block-heading\"><strong>Retos del urbanismo sostenible en Brasil y aplicaci\u00f3n de medidas de prevenci\u00f3n de cat\u00e1strofes urbanas<\/strong><\/h2>\n\n\n\n<p>S\u00e3o Sebasti\u00e3o a\u00fan se enfrenta a otros retos. En la actualidad, la Compa\u00f1\u00eda de Vivienda y Urbanismo de S\u00e3o Sebasti\u00e3o (CDHU) proyecta construir 704 viviendas en edificios de hasta cinco plantas. Sin embargo, los edificios de m\u00e1s de 9 metros de altura infringen el Plan Director del municipio.<\/p>\n\n\n\n<p>Los residentes creen que este traslado podr\u00eda desencadenar un proceso de verticalizaci\u00f3n que cambiar\u00e1 permanentemente el paisaje de muchas partes de la ciudad. Tras la tragedia, muchas de las familias desplazadas se alojaron en hoteles y albergues de la ciudad o recibieron viviendas provisionales de 18 m\u00b2 construidas con paneles de madera. Est\u00e1 previsto que las nuevas viviendas se entreguen en octubre.<\/p>\n\n\n\n<p>Teniendo en cuenta todos los puntos de vista presentados, est\u00e1 claro que nuestro pa\u00eds necesita urgentemente estudiar la mitigaci\u00f3n y adaptaci\u00f3n de las calles y viviendas al cambio clim\u00e1tico. Una pol\u00edtica de vivienda popular adaptada al clima es esencial para salvar vidas.&nbsp;<\/p>\n\n\n\n<p><br><\/p>\n\n\n\n<p><\/p>","protected":false},"excerpt":{"rendered":"<p>Em fevereiro de 2023, o munic\u00edpio de S\u00e3o Sebasti\u00e3o, no litoral norte de S\u00e3o Paulo, vivenciou uma trag\u00e9dia em decorr\u00eancia de chuvas fortes que chegaram a 640mm em 24 horas&nbsp;e provocaram deslizamentos e muito sofrimento. Al\u00e9m da chuva, o fator de complica\u00e7\u00e3o \u00e9 que muitas fam\u00edlias estavam em \u00e1reas de risco e sem recursos de [&hellip;]<\/p>\n","protected":false},"author":3,"featured_media":6573,"comment_status":"open","ping_status":"open","sticky":false,"template":"","format":"standard","meta":{"footnotes":""},"categories":[1],"tags":[],"class_list":["post-6572","post","type-post","status-publish","format-standard","has-post-thumbnail","hentry","category-conteudo"],"aioseo_notices":[],"_links":{"self":[{"href":"https:\/\/diagonal.social\/es\/wp-json\/wp\/v2\/posts\/6572","targetHints":{"allow":["GET"]}}],"collection":[{"href":"https:\/\/diagonal.social\/es\/wp-json\/wp\/v2\/posts"}],"about":[{"href":"https:\/\/diagonal.social\/es\/wp-json\/wp\/v2\/types\/post"}],"author":[{"embeddable":true,"href":"https:\/\/diagonal.social\/es\/wp-json\/wp\/v2\/users\/3"}],"replies":[{"embeddable":true,"href":"https:\/\/diagonal.social\/es\/wp-json\/wp\/v2\/comments?post=6572"}],"version-history":[{"count":4,"href":"https:\/\/diagonal.social\/es\/wp-json\/wp\/v2\/posts\/6572\/revisions"}],"predecessor-version":[{"id":7884,"href":"https:\/\/diagonal.social\/es\/wp-json\/wp\/v2\/posts\/6572\/revisions\/7884"}],"wp:featuredmedia":[{"embeddable":true,"href":"https:\/\/diagonal.social\/es\/wp-json\/wp\/v2\/media\/6573"}],"wp:attachment":[{"href":"https:\/\/diagonal.social\/es\/wp-json\/wp\/v2\/media?parent=6572"}],"wp:term":[{"taxonomy":"category","embeddable":true,"href":"https:\/\/diagonal.social\/es\/wp-json\/wp\/v2\/categories?post=6572"},{"taxonomy":"post_tag","embeddable":true,"href":"https:\/\/diagonal.social\/es\/wp-json\/wp\/v2\/tags?post=6572"}],"curies":[{"name":"wp","href":"https:\/\/api.w.org\/{rel}","templated":true}]}}